{"id":1768,"date":"2020-06-21T16:20:19","date_gmt":"2020-06-21T16:20:19","guid":{"rendered":"https:\/\/www.cosmeticadelcabell.com\/?p=1768"},"modified":"2020-06-29T07:57:33","modified_gmt":"2020-06-29T07:57:33","slug":"1768-2","status":"publish","type":"post","link":"https:\/\/www.cosmeticadelcabell.com\/ca\/1768-2\/","title":{"rendered":""},"content":{"rendered":"\n[et_pb_section fb_built=\u00bb1&#8243; _builder_version=\u00bb4.3.4&#8243; hover_enabled=\u00bb0&#8243; custom_padding=\u00bb85px|||||\u00bb][et_pb_row _builder_version=\u00bb4.3.4&#8243;][et_pb_column _builder_version=\u00bb4.3.4&#8243; type=\u00bb4_4&#8243;][et_pb_text _builder_version=\u00bb4.3.4&#8243; hover_enabled=\u00bb0&#8243;]<h1>PROTECCI\u00d3N CONTRA EL COVID-19 EN PELUQUER\u00cdAS<\/h1>[\/et_pb_text][\/et_pb_column][\/et_pb_row][et_pb_row _builder_version=\u00bb4.3.4&#8243; column_structure=\u00bb2_3,1_3&#8243;][et_pb_column _builder_version=\u00bb4.3.4&#8243; type=\u00bb2_3&#8243;][et_pb_post_title _builder_version=\u00bb4.3.4&#8243; hover_enabled=\u00bb0&#8243;][\/et_pb_post_title][et_pb_text _builder_version=\u00bb4.3.4&#8243; hover_enabled=\u00bb0&#8243;]Despu\u00e9s de entrar en fase de desescalada, y a pesar de que ya se pod\u00eda ir en las anteriores fases, se espera un aumento de clientes en nuestras peluquer\u00edas y centros est\u00e9ticos, por lo que para cumplir con la normativa de riesgos laborales y proteger a nuestros trabajadores, y por supuesto la protecci\u00f3n de nuestros clientes, tenemos que establecer diversas medidas de protecci\u00f3n con distintos EPIs.[\/et_pb_text][\/et_pb_column][et_pb_column _builder_version=\u00bb4.3.4&#8243; type=\u00bb1_3&#8243;][et_pb_image src=\u00bbhttps:\/\/www.cosmeticadelcabell.com\/wp-content\/uploads\/2020\/06\/ir-a-la-peluqueria-en-tiempos-de-coronavirus-consejos-de-expertos-para-reabrir-sin-miedo-y-garantizar-la-seguridad.jpg\u00bb _builder_version=\u00bb4.3.4&#8243; hover_enabled=\u00bb0&#8243;][\/et_pb_image][\/et_pb_column][\/et_pb_row][et_pb_row _builder_version=\u00bb4.3.4&#8243; column_structure=\u00bb1_3,2_3&#8243;][et_pb_column _builder_version=\u00bb4.3.4&#8243; type=\u00bb1_3&#8243;][et_pb_image src=\u00bbhttps:\/\/www.cosmeticadelcabell.com\/wp-content\/uploads\/2020\/06\/112180436_peluqueria.jpg\u00bb _builder_version=\u00bb4.3.4&#8243; hover_enabled=\u00bb0&#8243; show_bottom_space=\u00bboff\u00bb][\/et_pb_image][\/et_pb_column][et_pb_column _builder_version=\u00bb4.3.4&#8243; type=\u00bb2_3&#8243;][et_pb_text _builder_version=\u00bb4.3.4&#8243; hover_enabled=\u00bb0&#8243;]Si la distancia m\u00ednima de seguridad (2 m) no es factible, por ejemplo, cuando el peluquero tenga que realizar el servicio al cliente, es oblgatorio el uso de mascarilla, y en algunos casos tambi\u00e9n se opta por las pantallas de seguridad\n\nAdem\u00e1s, los centros pueden ofrecer a sus clientes mascarillas faciales para aumentar el nivel de proteccio?n durante las sesiones. Tanto si las proporcionan, como si es el propio cliente el que la lleva, es recomendable que tengan sujeci\u00f3n en las orejas para no interferir en el trabajo del peluquero.\n\nEn caso de usar guantes se recomienda desecharlos tras cada tarea o higienizarlos con gel hidroalcoh\u00f3lico, aunque el uso de estos no es imprescindible.[\/et_pb_text][\/et_pb_column][\/et_pb_row][et_pb_row _builder_version=\u00bb4.3.4&#8243;][et_pb_column _builder_version=\u00bb4.3.4&#8243; type=\u00bb4_4&#8243;][et_pb_text _builder_version=\u00bb4.3.4&#8243; hover_enabled=\u00bb0&#8243;]Para garantizar una m\u00e1xima higiene, se recomienda retirar los productos a la venta habitualmente expuestos en mostradores, tocadores y estanter\u00edas y solo el estilista podr\u00e1 manejarlos. Esto facilitar\u00e1 y agilizar\u00e1 la desinfecci\u00f3n de superficies y herramientas tras cada servicio a cada cliente.\n\nYa no habr\u00e1 revistas, un lugar donde la prensa couch\u00e9 ten\u00eda siempre un lugar preferente pero ahora se recomienda hacer uso del wifi del local y esperar con el uso del smartphone[\/et_pb_text][\/et_pb_column][\/et_pb_row][et_pb_row _builder_version=\u00bb4.3.4&#8243; column_structure=\u00bb1_2,1_2&#8243;][et_pb_column _builder_version=\u00bb4.3.4&#8243; type=\u00bb1_2&#8243;][et_pb_image src=\u00bbhttps:\/\/www.cosmeticadelcabell.com\/wp-content\/uploads\/2020\/06\/Coronavirus-Enfermedades_infecciosas-Infecciones-Reportajes-Peluqueria-Espana_474964484_148380045_1024x576.jpg\u00bb _builder_version=\u00bb4.3.4&#8243; hover_enabled=\u00bb0&#8243;][\/et_pb_image][\/et_pb_column][et_pb_column _builder_version=\u00bb4.3.4&#8243; type=\u00bb1_2&#8243;][et_pb_image src=\u00bbhttps:\/\/www.cosmeticadelcabell.com\/wp-content\/uploads\/2020\/06\/20200504111234_peluqueria-pelukeria_original_imagen.jpg\u00bb _builder_version=\u00bb4.3.4&#8243; hover_enabled=\u00bb0&#8243;][\/et_pb_image][\/et_pb_column][\/et_pb_row][et_pb_row _builder_version=\u00bb4.3.4&#8243;][et_pb_column _builder_version=\u00bb4.3.4&#8243; type=\u00bb4_4&#8243;][et_pb_text _builder_version=\u00bb4.3.4&#8243; hover_enabled=\u00bb0&#8243;]<p>Y por \u00faltimo lo m\u00e1s importante la desinfecci\u00f3n del material y zonas de exposici\u00f3n. Aunque se recomienda en lo posible utilizar materiales y herramientas desechables, la higienizaci\u00f3n de las reutilizables ser\u00e1 necesaria tras cada uso. Adem\u00e1s se recomienda seguir una rutina similar a la de los dentistas. Esto es, que cada profesional trabaje con un kit de herramientas limpias en cada servicio, evitando compartirlos. Tras cada uso, se recomienda retirarlos para su desinfecci\u00f3n.<\/p>\n<p>En cuanto a los productos de peluquer\u00eda (champ\u00fas, lacas, desenredantes, tambi\u00e9n ser\u00e1 necesaria la desinfecci\u00f3n del embalaje externo tras cada uso. En los casos de productos sin dosificador (como tarros), se recomienda el uso de herramientas desechables como esp\u00e1tulas para extraer cantidades, evitando introducir las manos. <\/p>[\/et_pb_text][\/et_pb_column][\/et_pb_row][et_pb_row _builder_version=\u00bb4.3.4&#8243; column_structure=\u00bb1_3,1_3,1_3&#8243;][et_pb_column _builder_version=\u00bb4.3.4&#8243; type=\u00bb1_3&#8243;][et_pb_image src=\u00bbhttps:\/\/www.cosmeticadelcabell.com\/wp-content\/uploads\/2020\/06\/como-hacer-desinfectante-manos-casero.jpg\u00bb _builder_version=\u00bb4.3.4&#8243; hover_enabled=\u00bb0&#8243;][\/et_pb_image][\/et_pb_column][et_pb_column _builder_version=\u00bb4.3.4&#8243; type=\u00bb1_3&#8243;][et_pb_code _builder_version=\u00bb4.3.4&#8243; hover_enabled=\u00bb0&#8243;][\/et_pb_code][et_pb_text _builder_version=\u00bb4.3.4&#8243; hover_enabled=\u00bb0&#8243;]Por supuesto la presencia de desinfectante en la entrada del local, par nuestros clientes, as\u00ed como limitar el aforo ser\u00e1 en acorde a la normativa del momento[\/et_pb_text][\/et_pb_column][et_pb_column _builder_version=\u00bb4.3.4&#8243; type=\u00bb1_3&#8243;][et_pb_image src=\u00bbhttps:\/\/www.cosmeticadelcabell.com\/wp-content\/uploads\/2020\/03\/peinetijera.jpg\u00bb _builder_version=\u00bb4.3.4&#8243; hover_enabled=\u00bb0&#8243;][\/et_pb_image][\/et_pb_column][\/et_pb_row][\/et_pb_section]\n","protected":false},"excerpt":{"rendered":"<p>PROTECCI\u00d3N CONTRA EL COVID-19 EN PELUQUER\u00cdASDespu\u00e9s de entrar en fase de desescalada, y a pesar de que ya se pod\u00eda ir en las anteriores fases, se espera un aumento de clientes en nuestras peluquer\u00edas y centros est\u00e9ticos, por lo que para cumplir con la normativa de riesgos laborales y proteger a nuestros trabajadores, y por [&hellip;]<\/p>\n","protected":false},"author":1,"featured_media":0,"comment_status":"closed","ping_status":"closed","sticky":false,"template":"","format":"standard","meta":{"_et_pb_use_builder":"on","_et_pb_old_content":"","_et_gb_content_width":"","footnotes":""},"categories":[1],"tags":[],"class_list":["post-1768","post","type-post","status-publish","format-standard","hentry","category-estetica"],"yoast_head":"<!-- This site is optimized with the Yoast SEO plugin v27.5 - https:\/\/yoast.com\/product\/yoast-seo-wordpress\/ -->\n<title>- cosmeticadelcabell<\/title>\n<meta name=\"robots\" content=\"index, follow, max-snippet:-1, max-image-preview:large, max-video-preview:-1\" \/>\n<link rel=\"canonical\" href=\"https:\/\/www.cosmeticadelcabell.com\/ca\/1768-2\/\" \/>\n<meta property=\"og:locale\" content=\"ca_ES\" \/>\n<meta property=\"og:type\" content=\"article\" \/>\n<meta property=\"og:title\" content=\"- cosmeticadelcabell\" \/>\n<meta property=\"og:description\" content=\"PROTECCI\u00d3N CONTRA EL COVID-19 EN PELUQUER\u00cdASDespu\u00e9s de entrar en fase de desescalada, y a pesar de que ya se pod\u00eda ir en las anteriores fases, se espera un aumento de clientes en nuestras peluquer\u00edas y centros est\u00e9ticos, por lo que para cumplir con la normativa de riesgos laborales y proteger a nuestros trabajadores, y por [&hellip;]\" \/>\n<meta property=\"og:url\" content=\"https:\/\/www.cosmeticadelcabell.com\/ca\/1768-2\/\" \/>\n<meta property=\"og:site_name\" content=\"cosmeticadelcabell\" \/>\n<meta property=\"article:publisher\" content=\"https:\/\/www.facebook.com\/people\/Cosmtica-del-Cabell\/100010402899242\" \/>\n<meta property=\"article:published_time\" content=\"2020-06-21T16:20:19+00:00\" \/>\n<meta property=\"article:modified_time\" content=\"2020-06-29T07:57:33+00:00\" \/>\n<meta property=\"og:image\" content=\"https:\/\/www.cosmeticadelcabell.com\/wp-content\/uploads\/2018\/08\/logo-cosmetica-original-bold.png\" \/>\n\t<meta property=\"og:image:width\" content=\"500\" \/>\n\t<meta property=\"og:image:height\" content=\"166\" \/>\n\t<meta property=\"og:image:type\" content=\"image\/png\" \/>\n<meta name=\"author\" content=\"DigitalME\" \/>\n<meta name=\"twitter:card\" content=\"summary_large_image\" \/>\n<meta name=\"twitter:label1\" content=\"Escrit per\" \/>\n\t<meta name=\"twitter:data1\" content=\"DigitalME\" \/>\n\t<meta name=\"twitter:label2\" content=\"Temps estimat de lectura\" \/>\n\t<meta name=\"twitter:data2\" content=\"4 minuts\" \/>\n<script type=\"application\/ld+json\" class=\"yoast-schema-graph\">{\"@context\":\"https:\\\/\\\/schema.org\",\"@graph\":[{\"@type\":\"Article\",\"@id\":\"https:\\\/\\\/www.cosmeticadelcabell.com\\\/1768-2\\\/#article\",\"isPartOf\":{\"@id\":\"https:\\\/\\\/www.cosmeticadelcabell.com\\\/1768-2\\\/\"},\"author\":{\"name\":\"DigitalME\",\"@id\":\"https:\\\/\\\/www.cosmeticadelcabell.com\\\/#\\\/schema\\\/person\\\/58b9bc75f65723288df39dd1a6bf2dd6\"},\"headline\":\"Sense t\u00edtol\",\"datePublished\":\"2020-06-21T16:20:19+00:00\",\"dateModified\":\"2020-06-29T07:57:33+00:00\",\"mainEntityOfPage\":{\"@id\":\"https:\\\/\\\/www.cosmeticadelcabell.com\\\/1768-2\\\/\"},\"wordCount\":825,\"publisher\":{\"@id\":\"https:\\\/\\\/www.cosmeticadelcabell.com\\\/#organization\"},\"articleSection\":[\"estetica\"],\"inLanguage\":\"ca\"},{\"@type\":\"WebPage\",\"@id\":\"https:\\\/\\\/www.cosmeticadelcabell.com\\\/1768-2\\\/\",\"url\":\"https:\\\/\\\/www.cosmeticadelcabell.com\\\/1768-2\\\/\",\"name\":\"- cosmeticadelcabell\",\"isPartOf\":{\"@id\":\"https:\\\/\\\/www.cosmeticadelcabell.com\\\/#website\"},\"datePublished\":\"2020-06-21T16:20:19+00:00\",\"dateModified\":\"2020-06-29T07:57:33+00:00\",\"inLanguage\":\"ca\",\"potentialAction\":[{\"@type\":\"ReadAction\",\"target\":[\"https:\\\/\\\/www.cosmeticadelcabell.com\\\/1768-2\\\/\"]}]},{\"@type\":\"WebSite\",\"@id\":\"https:\\\/\\\/www.cosmeticadelcabell.com\\\/#website\",\"url\":\"https:\\\/\\\/www.cosmeticadelcabell.com\\\/\",\"name\":\"Academia de est\u00e9tica y peluquer\u00eda en Reus Cosmetica del Cabell\",\"description\":\"Academia de formaci\u00f3n profesional peluquer\u00eda y cosm\u00e9tica\",\"publisher\":{\"@id\":\"https:\\\/\\\/www.cosmeticadelcabell.com\\\/#organization\"},\"alternateName\":\"Cosmetica del Cabell\",\"potentialAction\":[{\"@type\":\"SearchAction\",\"target\":{\"@type\":\"EntryPoint\",\"urlTemplate\":\"https:\\\/\\\/www.cosmeticadelcabell.com\\\/?s={search_term_string}\"},\"query-input\":{\"@type\":\"PropertyValueSpecification\",\"valueRequired\":true,\"valueName\":\"search_term_string\"}}],\"inLanguage\":\"ca\"},{\"@type\":\"Organization\",\"@id\":\"https:\\\/\\\/www.cosmeticadelcabell.com\\\/#organization\",\"name\":\"Cosmetica del Cabell Reus\",\"alternateName\":\"Cosmetica del Cabell\",\"url\":\"https:\\\/\\\/www.cosmeticadelcabell.com\\\/\",\"logo\":{\"@type\":\"ImageObject\",\"inLanguage\":\"ca\",\"@id\":\"https:\\\/\\\/www.cosmeticadelcabell.com\\\/#\\\/schema\\\/logo\\\/image\\\/\",\"url\":\"https:\\\/\\\/www.cosmeticadelcabell.com\\\/wp-content\\\/uploads\\\/2018\\\/08\\\/logo-cosmetica-original-bold.png\",\"contentUrl\":\"https:\\\/\\\/www.cosmeticadelcabell.com\\\/wp-content\\\/uploads\\\/2018\\\/08\\\/logo-cosmetica-original-bold.png\",\"width\":500,\"height\":166,\"caption\":\"Cosmetica del Cabell Reus\"},\"image\":{\"@id\":\"https:\\\/\\\/www.cosmeticadelcabell.com\\\/#\\\/schema\\\/logo\\\/image\\\/\"},\"sameAs\":[\"https:\\\/\\\/www.facebook.com\\\/people\\\/Cosmtica-del-Cabell\\\/100010402899242\",\"https:\\\/\\\/www.instagram.com\\\/cosmeticadelcabell\\\/\"]},{\"@type\":\"Person\",\"@id\":\"https:\\\/\\\/www.cosmeticadelcabell.com\\\/#\\\/schema\\\/person\\\/58b9bc75f65723288df39dd1a6bf2dd6\",\"name\":\"DigitalME\",\"image\":{\"@type\":\"ImageObject\",\"inLanguage\":\"ca\",\"@id\":\"https:\\\/\\\/secure.gravatar.com\\\/avatar\\\/70050c41d678b2b3e9b2ef8ad47c2fd4562a978dd6c4f3ec09c2816212aa5d15?s=96&d=mm&r=g\",\"url\":\"https:\\\/\\\/secure.gravatar.com\\\/avatar\\\/70050c41d678b2b3e9b2ef8ad47c2fd4562a978dd6c4f3ec09c2816212aa5d15?s=96&d=mm&r=g\",\"contentUrl\":\"https:\\\/\\\/secure.gravatar.com\\\/avatar\\\/70050c41d678b2b3e9b2ef8ad47c2fd4562a978dd6c4f3ec09c2816212aa5d15?s=96&d=mm&r=g\",\"caption\":\"DigitalME\"}}]}<\/script>\n<!-- \/ Yoast SEO plugin. -->","yoast_head_json":{"title":"- cosmeticadelcabell","robots":{"index":"index","follow":"follow","max-snippet":"max-snippet:-1","max-image-preview":"max-image-preview:large","max-video-preview":"max-video-preview:-1"},"canonical":"https:\/\/www.cosmeticadelcabell.com\/ca\/1768-2\/","og_locale":"ca_ES","og_type":"article","og_title":"- cosmeticadelcabell","og_description":"PROTECCI\u00d3N CONTRA EL COVID-19 EN PELUQUER\u00cdASDespu\u00e9s de entrar en fase de desescalada, y a pesar de que ya se pod\u00eda ir en las anteriores fases, se espera un aumento de clientes en nuestras peluquer\u00edas y centros est\u00e9ticos, por lo que para cumplir con la normativa de riesgos laborales y proteger a nuestros trabajadores, y por [&hellip;]","og_url":"https:\/\/www.cosmeticadelcabell.com\/ca\/1768-2\/","og_site_name":"cosmeticadelcabell","article_publisher":"https:\/\/www.facebook.com\/people\/Cosmtica-del-Cabell\/100010402899242","article_published_time":"2020-06-21T16:20:19+00:00","article_modified_time":"2020-06-29T07:57:33+00:00","og_image":[{"width":500,"height":166,"url":"https:\/\/www.cosmeticadelcabell.com\/wp-content\/uploads\/2018\/08\/logo-cosmetica-original-bold.png","type":"image\/png"}],"author":"DigitalME","twitter_card":"summary_large_image","twitter_misc":{"Escrit per":"DigitalME","Temps estimat de lectura":"4 minuts"},"schema":{"@context":"https:\/\/schema.org","@graph":[{"@type":"Article","@id":"https:\/\/www.cosmeticadelcabell.com\/1768-2\/#article","isPartOf":{"@id":"https:\/\/www.cosmeticadelcabell.com\/1768-2\/"},"author":{"name":"DigitalME","@id":"https:\/\/www.cosmeticadelcabell.com\/#\/schema\/person\/58b9bc75f65723288df39dd1a6bf2dd6"},"headline":"Sense t\u00edtol","datePublished":"2020-06-21T16:20:19+00:00","dateModified":"2020-06-29T07:57:33+00:00","mainEntityOfPage":{"@id":"https:\/\/www.cosmeticadelcabell.com\/1768-2\/"},"wordCount":825,"publisher":{"@id":"https:\/\/www.cosmeticadelcabell.com\/#organization"},"articleSection":["estetica"],"inLanguage":"ca"},{"@type":"WebPage","@id":"https:\/\/www.cosmeticadelcabell.com\/1768-2\/","url":"https:\/\/www.cosmeticadelcabell.com\/1768-2\/","name":"- cosmeticadelcabell","isPartOf":{"@id":"https:\/\/www.cosmeticadelcabell.com\/#website"},"datePublished":"2020-06-21T16:20:19+00:00","dateModified":"2020-06-29T07:57:33+00:00","inLanguage":"ca","potentialAction":[{"@type":"ReadAction","target":["https:\/\/www.cosmeticadelcabell.com\/1768-2\/"]}]},{"@type":"WebSite","@id":"https:\/\/www.cosmeticadelcabell.com\/#website","url":"https:\/\/www.cosmeticadelcabell.com\/","name":"Academia de est\u00e9tica y peluquer\u00eda en Reus Cosmetica del Cabell","description":"Academia de formaci\u00f3n profesional peluquer\u00eda y cosm\u00e9tica","publisher":{"@id":"https:\/\/www.cosmeticadelcabell.com\/#organization"},"alternateName":"Cosmetica del Cabell","potentialAction":[{"@type":"SearchAction","target":{"@type":"EntryPoint","urlTemplate":"https:\/\/www.cosmeticadelcabell.com\/?s={search_term_string}"},"query-input":{"@type":"PropertyValueSpecification","valueRequired":true,"valueName":"search_term_string"}}],"inLanguage":"ca"},{"@type":"Organization","@id":"https:\/\/www.cosmeticadelcabell.com\/#organization","name":"Cosmetica del Cabell Reus","alternateName":"Cosmetica del Cabell","url":"https:\/\/www.cosmeticadelcabell.com\/","logo":{"@type":"ImageObject","inLanguage":"ca","@id":"https:\/\/www.cosmeticadelcabell.com\/#\/schema\/logo\/image\/","url":"https:\/\/www.cosmeticadelcabell.com\/wp-content\/uploads\/2018\/08\/logo-cosmetica-original-bold.png","contentUrl":"https:\/\/www.cosmeticadelcabell.com\/wp-content\/uploads\/2018\/08\/logo-cosmetica-original-bold.png","width":500,"height":166,"caption":"Cosmetica del Cabell Reus"},"image":{"@id":"https:\/\/www.cosmeticadelcabell.com\/#\/schema\/logo\/image\/"},"sameAs":["https:\/\/www.facebook.com\/people\/Cosmtica-del-Cabell\/100010402899242","https:\/\/www.instagram.com\/cosmeticadelcabell\/"]},{"@type":"Person","@id":"https:\/\/www.cosmeticadelcabell.com\/#\/schema\/person\/58b9bc75f65723288df39dd1a6bf2dd6","name":"DigitalME","image":{"@type":"ImageObject","inLanguage":"ca","@id":"https:\/\/secure.gravatar.com\/avatar\/70050c41d678b2b3e9b2ef8ad47c2fd4562a978dd6c4f3ec09c2816212aa5d15?s=96&d=mm&r=g","url":"https:\/\/secure.gravatar.com\/avatar\/70050c41d678b2b3e9b2ef8ad47c2fd4562a978dd6c4f3ec09c2816212aa5d15?s=96&d=mm&r=g","contentUrl":"https:\/\/secure.gravatar.com\/avatar\/70050c41d678b2b3e9b2ef8ad47c2fd4562a978dd6c4f3ec09c2816212aa5d15?s=96&d=mm&r=g","caption":"DigitalME"}}]}},"_links":{"self":[{"href":"https:\/\/www.cosmeticadelcabell.com\/ca\/wp-json\/wp\/v2\/posts\/1768","targetHints":{"allow":["GET"]}}],"collection":[{"href":"https:\/\/www.cosmeticadelcabell.com\/ca\/wp-json\/wp\/v2\/posts"}],"about":[{"href":"https:\/\/www.cosmeticadelcabell.com\/ca\/wp-json\/wp\/v2\/types\/post"}],"author":[{"embeddable":true,"href":"https:\/\/www.cosmeticadelcabell.com\/ca\/wp-json\/wp\/v2\/users\/1"}],"replies":[{"embeddable":true,"href":"https:\/\/www.cosmeticadelcabell.com\/ca\/wp-json\/wp\/v2\/comments?post=1768"}],"version-history":[{"count":6,"href":"https:\/\/www.cosmeticadelcabell.com\/ca\/wp-json\/wp\/v2\/posts\/1768\/revisions"}],"predecessor-version":[{"id":1782,"href":"https:\/\/www.cosmeticadelcabell.com\/ca\/wp-json\/wp\/v2\/posts\/1768\/revisions\/1782"}],"wp:attachment":[{"href":"https:\/\/www.cosmeticadelcabell.com\/ca\/wp-json\/wp\/v2\/media?parent=1768"}],"wp:term":[{"taxonomy":"category","embeddable":true,"href":"https:\/\/www.cosmeticadelcabell.com\/ca\/wp-json\/wp\/v2\/categories?post=1768"},{"taxonomy":"post_tag","embeddable":true,"href":"https:\/\/www.cosmeticadelcabell.com\/ca\/wp-json\/wp\/v2\/tags?post=1768"}],"curies":[{"name":"wp","href":"https:\/\/api.w.org\/{rel}","templated":true}]}}